{"id":387,"date":"2026-04-29T23:48:31","date_gmt":"2026-04-29T23:48:31","guid":{"rendered":"https:\/\/www.cecati165.edu.mx\/?p=387"},"modified":"2026-04-29T23:49:01","modified_gmt":"2026-04-29T23:49:01","slug":"el-cecati-165-de-tlapehuala-seis-decadas-formando-talento-y-resistiendo-adversidades","status":"publish","type":"post","link":"https:\/\/www.cecati165.edu.mx\/?p=387","title":{"rendered":"El CECATI 165 de Tlapehuala, seis d\u00e9cadas formando talento y resistiendo adversidades"},"content":{"rendered":"<p data-start=\"134\" data-end=\"182\"><strong data-start=\"134\" data-end=\"159\">Jes\u00fas Ben\u00edtez Jim\u00e9nez<\/strong><br data-start=\"159\" data-end=\"162\" \/><strong data-start=\"162\" data-end=\"182\">Tlapehuala, Gro.<\/strong><\/p>\n<p data-start=\"184\" data-end=\"394\">El CECATI n\u00famero 165 de Tlapehuala es una historia de esfuerzo diario. Esta instituci\u00f3n ha sobrevivido a sismos, cambios pol\u00edticos e intentos de traslado, manteni\u00e9ndose firme como un pilar del desarrollo local.<\/p>\n<p data-start=\"396\" data-end=\"606\">El Centro de Capacitaci\u00f3n para el Trabajo Industrial (CECATI) No. 165 \u201cGral. Vicente Guerrero Salda\u00f1a\u201d no es solo un plantel educativo; es el testimonio vivo de una comunidad que se neg\u00f3 a dejar ir su progreso.<\/p>\n<h2 data-section-id=\"eb59a6\" data-start=\"608\" data-end=\"639\">Un inicio con sabor a oficio<img loading=\"lazy\" decoding=\"async\" class=\"size-medium wp-image-392 alignright\" src=\"https:\/\/www.cecati165.edu.mx\/wp-content\/uploads\/2026\/04\/1rasede-300x300.png\" alt=\"\" width=\"300\" height=\"300\" srcset=\"https:\/\/www.cecati165.edu.mx\/wp-content\/uploads\/2026\/04\/1rasede-300x300.png 300w, https:\/\/www.cecati165.edu.mx\/wp-content\/uploads\/2026\/04\/1rasede-1024x1024.png 1024w, https:\/\/www.cecati165.edu.mx\/wp-content\/uploads\/2026\/04\/1rasede-150x150.png 150w, https:\/\/www.cecati165.edu.mx\/wp-content\/uploads\/2026\/04\/1rasede-768x768.png 768w, https:\/\/www.cecati165.edu.mx\/wp-content\/uploads\/2026\/04\/1rasede-696x696.png 696w, https:\/\/www.cecati165.edu.mx\/wp-content\/uploads\/2026\/04\/1rasede-1068x1068.png 1068w, https:\/\/www.cecati165.edu.mx\/wp-content\/uploads\/2026\/04\/1rasede-420x420.png 420w, https:\/\/www.cecati165.edu.mx\/wp-content\/uploads\/2026\/04\/1rasede.png 1254w\" sizes=\"auto, (max-width: 300px) 100vw, 300px\" \/><\/h2>\n<p data-start=\"641\" data-end=\"919\">La historia comenz\u00f3 en 1963, bajo la visi\u00f3n\u00a0del entonces presidente municipal,Blas Maldonado Maldonado. As\u00ed naci\u00f3 lo que originalmente se conoci\u00f3 como el Centro de Artes y Oficios, cuyo objetivo era claro: dotar a la poblaci\u00f3n de herramientas para mejorar la econom\u00eda familiar.<\/p>\n<p data-start=\"921\" data-end=\"1287\">En aquel entonces, la oferta era modesta pero vital: confecci\u00f3n de ropa, carpinter\u00eda y servicios de belleza. Operaba en una casa ubicada en la calle 20 de Noviembre, donde tres docentes entregados daban forma a los sue\u00f1os de los primeros estudiantes. Su pago era anual, pero su compromiso nac\u00eda del entusiasmo de quien sabe que est\u00e1 sembrando una semilla importante.<\/p>\n<p data-start=\"1289\" data-end=\"1515\">Para 1975, la modernidad llam\u00f3 a la puerta con la especialidad de Secretariado. En una era dominada por las m\u00e1quinas de escribir, dominar el teclado era la llave de oro para ingresar al mundo laboral o destacar acad\u00e9micamente.<\/p>\n<p data-start=\"1517\" data-end=\"1682\">La demanda creci\u00f3 tanto que, para 1983, la plantilla tuvo que expandirse con personal administrativo, intendentes e instructores en \u00e1reas como Artesan\u00edas Familiares.<\/p>\n<h2 data-section-id=\"17zbtru\" data-start=\"1684\" data-end=\"1744\">El desaf\u00edo de la naturaleza y la lucha por la permanencia<\/h2>\n<p data-start=\"1746\" data-end=\"2000\">La trayectoria del CECATI 165 ha sido una\u00a0carrera de obst\u00e1culos superados. Tras dejar su primera sede, la instituci\u00f3n se mud\u00f3 a un edificio propio en la intersecci\u00f3n de la avenida Morelos y la calle 20 de Noviembre, frente a la primaria \u201cMiguel Hidalgo\u201d.<\/p>\n<p data-start=\"2002\" data-end=\"2366\"><img loading=\"lazy\" decoding=\"async\" class=\"size-medium wp-image-393 alignleft\" src=\"https:\/\/www.cecati165.edu.mx\/wp-content\/uploads\/2026\/04\/WhatsApp-Image-2026-04-28-at-21.49.213-177x300.jpeg\" alt=\"\" width=\"177\" height=\"300\" srcset=\"https:\/\/www.cecati165.edu.mx\/wp-content\/uploads\/2026\/04\/WhatsApp-Image-2026-04-28-at-21.49.213-177x300.jpeg 177w, https:\/\/www.cecati165.edu.mx\/wp-content\/uploads\/2026\/04\/WhatsApp-Image-2026-04-28-at-21.49.213-604x1024.jpeg 604w, https:\/\/www.cecati165.edu.mx\/wp-content\/uploads\/2026\/04\/WhatsApp-Image-2026-04-28-at-21.49.213-768x1302.jpeg 768w, https:\/\/www.cecati165.edu.mx\/wp-content\/uploads\/2026\/04\/WhatsApp-Image-2026-04-28-at-21.49.213-906x1536.jpeg 906w, https:\/\/www.cecati165.edu.mx\/wp-content\/uploads\/2026\/04\/WhatsApp-Image-2026-04-28-at-21.49.213-696x1180.jpeg 696w, https:\/\/www.cecati165.edu.mx\/wp-content\/uploads\/2026\/04\/WhatsApp-Image-2026-04-28-at-21.49.213-248x420.jpeg 248w, https:\/\/www.cecati165.edu.mx\/wp-content\/uploads\/2026\/04\/WhatsApp-Image-2026-04-28-at-21.49.213.jpeg 944w\" sizes=\"auto, (max-width: 177px) 100vw, 177px\" \/>Sin embargo, el destino ten\u00eda otros planes. El terremoto de 1985 marc\u00f3 un antes y un despu\u00e9s: los muros que albergaban el conocimiento fueron declarados inhabitables por Protecci\u00f3n Civil. El edificio, propiedad de la SEP, qued\u00f3 en el abandono, obligando a una direcci\u00f3n itinerante que rent\u00f3 espacios provisionales para no interrumpir el aprendizaje de sus alumnos.<\/p>\n<p data-start=\"2368\" data-end=\"2739\">Uno de los momentos m\u00e1s cr\u00edticos ocurri\u00f3\u00a0cuando surgi\u00f3 la intenci\u00f3n de trasladar el CECATIa Ciudad Altamirano. No obstante, el sentido de pertenencia de los tlapehualenses fue m\u00e1s fuerte. Gracias a gestiones incansables y a la generosidad de donantes de terrenos, se logr\u00f3 asegurar un espacio definitivo en la calle Baltazar R. Leyva Mancilla, donde permanece hasta hoy.<\/p>\n<h2 data-section-id=\"11gg8lj\" data-start=\"2741\" data-end=\"2776\">Consolidaci\u00f3n y modelo educativo<\/h2>\n<h2 data-section-id=\"11gg8lj\" data-start=\"2741\" data-end=\"2776\"><img loading=\"lazy\" decoding=\"async\" class=\"size-medium wp-image-391 alignleft\" src=\"https:\/\/www.cecati165.edu.mx\/wp-content\/uploads\/2026\/04\/2sede-300x202.png\" alt=\"\" width=\"300\" height=\"202\" srcset=\"https:\/\/www.cecati165.edu.mx\/wp-content\/uploads\/2026\/04\/2sede-300x202.png 300w, https:\/\/www.cecati165.edu.mx\/wp-content\/uploads\/2026\/04\/2sede-1024x691.png 1024w, https:\/\/www.cecati165.edu.mx\/wp-content\/uploads\/2026\/04\/2sede-768x518.png 768w, https:\/\/www.cecati165.edu.mx\/wp-content\/uploads\/2026\/04\/2sede-696x469.png 696w, https:\/\/www.cecati165.edu.mx\/wp-content\/uploads\/2026\/04\/2sede-1068x720.png 1068w, https:\/\/www.cecati165.edu.mx\/wp-content\/uploads\/2026\/04\/2sede-623x420.png 623w, https:\/\/www.cecati165.edu.mx\/wp-content\/uploads\/2026\/04\/2sede.png 1401w\" sizes=\"auto, (max-width: 300px) 100vw, 300px\" \/><\/h2>\n<p data-start=\"2778\" data-end=\"2994\">El a\u00f1o 1989 represent\u00f3 un hito administrativo: el Centro de Artes y Oficios pas\u00f3 de la\u00a0jurisdicci\u00f3n estatal a la federal, integr\u00e1ndose a la Direcci\u00f3n General de Centros de Formaci\u00f3n para el Trabajo (DGCFT) de la SEP.<\/p>\n<p data-start=\"2996\" data-end=\"3156\">Con este cambio naci\u00f3 formalmente el CECATI 165, fortaleciendo su estructura con jefaturas de capacitaci\u00f3n, vinculaci\u00f3n empresarial y servicios administrativos.<\/p>\n<p data-start=\"3158\" data-end=\"3369\">Lo que distingue al CECATI 165 es su enfoque pragm\u00e1tico. Su modelo educativo est\u00e1 dise\u00f1ado para la eficiencia: 20 por ciento de contenidos te\u00f3ricos como base fundamental y 80 por ciento de actividades pr\u00e1cticas.<\/p>\n<p data-start=\"3371\" data-end=\"3588\">Esta metodolog\u00eda permite que, en el menor tiempo posible, cualquier persona \u2014ya sea jubilado, estudiante, desempleado o ama de casa\u2014 pueda integrarse al entorno laboral con los criterios que el mercado actual demanda.<\/p>\n<h2 data-section-id=\"vn3nmq\" data-start=\"3590\" data-end=\"3621\">Un presente de oportunidades<\/h2>\n<p data-start=\"3623\" data-end=\"3829\"><img loading=\"lazy\" decoding=\"async\" class=\"size-medium wp-image-396 alignright\" src=\"https:\/\/www.cecati165.edu.mx\/wp-content\/uploads\/2026\/04\/cecatiactual2-300x225.jpeg\" alt=\"\" width=\"300\" height=\"225\" srcset=\"https:\/\/www.cecati165.edu.mx\/wp-content\/uploads\/2026\/04\/cecatiactual2-300x225.jpeg 300w, https:\/\/www.cecati165.edu.mx\/wp-content\/uploads\/2026\/04\/cecatiactual2-1024x768.jpeg 1024w, https:\/\/www.cecati165.edu.mx\/wp-content\/uploads\/2026\/04\/cecatiactual2-768x576.jpeg 768w, https:\/\/www.cecati165.edu.mx\/wp-content\/uploads\/2026\/04\/cecatiactual2-1536x1152.jpeg 1536w, https:\/\/www.cecati165.edu.mx\/wp-content\/uploads\/2026\/04\/cecatiactual2-80x60.jpeg 80w, https:\/\/www.cecati165.edu.mx\/wp-content\/uploads\/2026\/04\/cecatiactual2-265x198.jpeg 265w, https:\/\/www.cecati165.edu.mx\/wp-content\/uploads\/2026\/04\/cecatiactual2-696x522.jpeg 696w, https:\/\/www.cecati165.edu.mx\/wp-content\/uploads\/2026\/04\/cecatiactual2-1068x801.jpeg 1068w, https:\/\/www.cecati165.edu.mx\/wp-content\/uploads\/2026\/04\/cecatiactual2-560x420.jpeg 560w, https:\/\/www.cecati165.edu.mx\/wp-content\/uploads\/2026\/04\/cecatiactual2.jpeg 1600w\" sizes=\"auto, (max-width: 300px) 100vw, 300px\" \/>Hoy en d\u00eda, las instalaciones cuentan con dos edificios equipados para la formaci\u00f3n t\u00e9cnica, bajo la directriz de la maestra Norma Rea, quien ha logrado mantener a la instituci\u00f3n a la altura de los tiempos.<\/p>\n<p data-start=\"3831\" data-end=\"4075\">Con el liderazgo de su direcci\u00f3n y el respaldo de un equipo de vinculadores, personal administrativo, intendentes e instructoras especializadas, el plantel contin\u00faa cumpliendo su misi\u00f3n: ser una respuesta plural a las necesidades de superaci\u00f3n.<\/p>\n<p data-start=\"4077\" data-end=\"4239\">El CECATI no hace distinci\u00f3n; es un espacio donde todos los grupos sociales encuentran una oportunidad de crecimiento profesional y mejora en sus niveles de vida.<\/p>\n<p data-start=\"4241\" data-end=\"4563\"><img loading=\"lazy\" decoding=\"async\" class=\"size-medium wp-image-394 alignleft\" src=\"https:\/\/www.cecati165.edu.mx\/wp-content\/uploads\/2026\/04\/cecatiactual-300x225.jpeg\" alt=\"\" width=\"300\" height=\"225\" srcset=\"https:\/\/www.cecati165.edu.mx\/wp-content\/uploads\/2026\/04\/cecatiactual-300x225.jpeg 300w, https:\/\/www.cecati165.edu.mx\/wp-content\/uploads\/2026\/04\/cecatiactual-1024x768.jpeg 1024w, https:\/\/www.cecati165.edu.mx\/wp-content\/uploads\/2026\/04\/cecatiactual-768x576.jpeg 768w, https:\/\/www.cecati165.edu.mx\/wp-content\/uploads\/2026\/04\/cecatiactual-1536x1152.jpeg 1536w, https:\/\/www.cecati165.edu.mx\/wp-content\/uploads\/2026\/04\/cecatiactual-2048x1536.jpeg 2048w, https:\/\/www.cecati165.edu.mx\/wp-content\/uploads\/2026\/04\/cecatiactual-80x60.jpeg 80w, https:\/\/www.cecati165.edu.mx\/wp-content\/uploads\/2026\/04\/cecatiactual-265x198.jpeg 265w, https:\/\/www.cecati165.edu.mx\/wp-content\/uploads\/2026\/04\/cecatiactual-696x522.jpeg 696w, https:\/\/www.cecati165.edu.mx\/wp-content\/uploads\/2026\/04\/cecatiactual-1068x801.jpeg 1068w, https:\/\/www.cecati165.edu.mx\/wp-content\/uploads\/2026\/04\/cecatiactual-560x420.jpeg 560w\" sizes=\"auto, (max-width: 300px) 100vw, 300px\" \/>Por ello, a m\u00e1s de 60 a\u00f1os de su fundaci\u00f3n, el CECATI 165 \u201cGral. Vicente Guerrero\u00a0Salda\u00f1a\u201d sigue formando generaciones de ciudadanos productivos, demostrando que, a pesar de las adversidades, la voluntad de aprender y trabajar es el cimiento m\u00e1s s\u00f3lido para el desarrollo de Tlapehuala y su integraci\u00f3n al mercado laboral.<\/p>\n","protected":false},"excerpt":{"rendered":"<p>Jes\u00fas Ben\u00edtez Jim\u00e9nezTlapehuala, Gro. El CECATI n\u00famero 165 de Tlapehuala es una historia de esfuerzo diario. Esta instituci\u00f3n ha sobrevivido a sismos, cambios pol\u00edticos e intentos de traslado, manteni\u00e9ndose firme como un pilar del desarrollo local. El Centro de Capacitaci\u00f3n para el Trabajo Industrial (CECATI) No. 165 \u201cGral. Vicente Guerrero Salda\u00f1a\u201d no es solo un [&hellip;]<\/p>\n","protected":false},"author":1,"featured_media":395,"comment_status":"open","ping_status":"closed","sticky":false,"template":"","format":"standard","meta":{"footnotes":""},"categories":[1],"tags":[],"class_list":["post-387","post","type-post","status-publish","format-standard","has-post-thumbnail","hentry","category-nosotros"],"_links":{"self":[{"href":"https:\/\/www.cecati165.edu.mx\/index.php?rest_route=\/wp\/v2\/posts\/387","targetHints":{"allow":["GET"]}}],"collection":[{"href":"https:\/\/www.cecati165.edu.mx\/index.php?rest_route=\/wp\/v2\/posts"}],"about":[{"href":"https:\/\/www.cecati165.edu.mx\/index.php?rest_route=\/wp\/v2\/types\/post"}],"author":[{"embeddable":true,"href":"https:\/\/www.cecati165.edu.mx\/index.php?rest_route=\/wp\/v2\/users\/1"}],"replies":[{"embeddable":true,"href":"https:\/\/www.cecati165.edu.mx\/index.php?rest_route=%2Fwp%2Fv2%2Fcomments&post=387"}],"version-history":[{"count":2,"href":"https:\/\/www.cecati165.edu.mx\/index.php?rest_route=\/wp\/v2\/posts\/387\/revisions"}],"predecessor-version":[{"id":398,"href":"https:\/\/www.cecati165.edu.mx\/index.php?rest_route=\/wp\/v2\/posts\/387\/revisions\/398"}],"wp:featuredmedia":[{"embeddable":true,"href":"https:\/\/www.cecati165.edu.mx\/index.php?rest_route=\/wp\/v2\/media\/395"}],"wp:attachment":[{"href":"https:\/\/www.cecati165.edu.mx\/index.php?rest_route=%2Fwp%2Fv2%2Fmedia&parent=387"}],"wp:term":[{"taxonomy":"category","embeddable":true,"href":"https:\/\/www.cecati165.edu.mx\/index.php?rest_route=%2Fwp%2Fv2%2Fcategories&post=387"},{"taxonomy":"post_tag","embeddable":true,"href":"https:\/\/www.cecati165.edu.mx\/index.php?rest_route=%2Fwp%2Fv2%2Ftags&post=387"}],"curies":[{"name":"wp","href":"https:\/\/api.w.org\/{rel}","templated":true}]}}