{"id":347,"date":"2023-07-21T20:41:29","date_gmt":"2023-07-21T20:41:29","guid":{"rendered":"https:\/\/www.cecati165.edu.mx\/?p=347"},"modified":"2023-07-21T20:41:29","modified_gmt":"2023-07-21T20:41:29","slug":"desfile-de-talento-y-creatividad-clausura-del-ciclo-escolar-2022-2023-en-cecati-165","status":"publish","type":"post","link":"https:\/\/www.cecati165.edu.mx\/?p=347","title":{"rendered":"Desfile de Talento y Creatividad: Clausura del Ciclo Escolar 2022-2023 en CECATI 165"},"content":{"rendered":"<p>\ud83c\udf89\ud83c\udf93 En el marco de la clausura del ciclo escolar 2022 &#8211; 2023 del CECATI 165, nos enorgullece compartir un espectacular despliegue de talento y creatividad. Nuestras talentosas alumnas de la especialidad de Estilismo y Dise\u00f1o de Imagen, bajo la incansable gu\u00eda y dedicaci\u00f3n de la profesora Roc\u00edo Bail\u00f3n Navarro, deslumbraron a todos con una pasarela que excedi\u00f3 todas las expectativas.<\/p>\n<p>Las alumnas demostraron un amplio rango de habilidades: desde precisos cortes de cabello y desvanecidos hasta delicados delineados y planchados de cejas, pasando por impresionantes trabajos de colorimetr\u00eda y, para culminar, fabulosos maquillajes de fantas\u00eda. \ud83d\udc87\u200d\u2640\ufe0f\ud83c\udfa8\ud83d\udc84<\/p>\n<p>Queremos expresar nuestro sincero agradecimiento a la docente Roc\u00edo Bail\u00f3n Navarro por su apoyo, dedicaci\u00f3n y por impulsar a nuestras alumnas a superar sus propios l\u00edmites. \ud83d\udc4f\ud83d\udc4f<\/p>\n<p>En CECATI 165, estamos comprometidos con la formaci\u00f3n de profesionales que marquen la diferencia. \u00a1Felicidades a todas las alumnas! Estamos seguros de que cada uno de ustedes trazar\u00e1 su propio camino con \u00e9xito en el mundo del estilismo y dise\u00f1o de imagen. \ud83d\udc4f\ud83c\udf93\ud83c\udf89<\/p>\n","protected":false},"excerpt":{"rendered":"<p>\ud83c\udf89\ud83c\udf93 En el marco de la clausura del ciclo escolar 2022 &#8211; 2023 del CECATI 165, nos enorgullece compartir un espectacular despliegue de talento y creatividad. Nuestras talentosas alumnas de la especialidad de Estilismo y Dise\u00f1o de Imagen, bajo la incansable gu\u00eda y dedicaci\u00f3n de la profesora Roc\u00edo Bail\u00f3n Navarro, deslumbraron a todos con una [&hellip;]<\/p>\n","protected":false},"author":1,"featured_media":348,"comment_status":"open","ping_status":"closed","sticky":false,"template":"","format":"standard","meta":{"footnotes":""},"categories":[7],"tags":[],"class_list":["post-347","post","type-post","status-publish","format-standard","has-post-thumbnail","hentry","category-noticias"],"_links":{"self":[{"href":"https:\/\/www.cecati165.edu.mx\/index.php?rest_route=\/wp\/v2\/posts\/347","targetHints":{"allow":["GET"]}}],"collection":[{"href":"https:\/\/www.cecati165.edu.mx\/index.php?rest_route=\/wp\/v2\/posts"}],"about":[{"href":"https:\/\/www.cecati165.edu.mx\/index.php?rest_route=\/wp\/v2\/types\/post"}],"author":[{"embeddable":true,"href":"https:\/\/www.cecati165.edu.mx\/index.php?rest_route=\/wp\/v2\/users\/1"}],"replies":[{"embeddable":true,"href":"https:\/\/www.cecati165.edu.mx\/index.php?rest_route=%2Fwp%2Fv2%2Fcomments&post=347"}],"version-history":[{"count":1,"href":"https:\/\/www.cecati165.edu.mx\/index.php?rest_route=\/wp\/v2\/posts\/347\/revisions"}],"predecessor-version":[{"id":349,"href":"https:\/\/www.cecati165.edu.mx\/index.php?rest_route=\/wp\/v2\/posts\/347\/revisions\/349"}],"wp:featuredmedia":[{"embeddable":true,"href":"https:\/\/www.cecati165.edu.mx\/index.php?rest_route=\/wp\/v2\/media\/348"}],"wp:attachment":[{"href":"https:\/\/www.cecati165.edu.mx\/index.php?rest_route=%2Fwp%2Fv2%2Fmedia&parent=347"}],"wp:term":[{"taxonomy":"category","embeddable":true,"href":"https:\/\/www.cecati165.edu.mx\/index.php?rest_route=%2Fwp%2Fv2%2Fcategories&post=347"},{"taxonomy":"post_tag","embeddable":true,"href":"https:\/\/www.cecati165.edu.mx\/index.php?rest_route=%2Fwp%2Fv2%2Ftags&post=347"}],"curies":[{"name":"wp","href":"https:\/\/api.w.org\/{rel}","templated":true}]}}