{"id":336,"date":"2023-06-22T15:13:40","date_gmt":"2023-06-22T15:13:40","guid":{"rendered":"https:\/\/www.cecati165.edu.mx\/?p=336"},"modified":"2023-06-22T15:13:40","modified_gmt":"2023-06-22T15:13:40","slug":"desfile-conmemorativo-al-dia-mundial-del-medio-ambiente","status":"publish","type":"post","link":"https:\/\/www.cecati165.edu.mx\/?p=336","title":{"rendered":"Desfile conmemorativo al d\u00eda mundial del medio ambiente"},"content":{"rendered":"<div class=\"\" dir=\"auto\">\n<div id=\":r19:\" class=\"x1iorvi4 x1pi30zi x1l90r2v x1swvt13\" data-ad-comet-preview=\"message\" data-ad-preview=\"message\">\n<div class=\"x78zum5 xdt5ytf xz62fqu x16ldp7u\">\n<div class=\"xu06os2 x1ok221b\">\n<div class=\"xdj266r x11i5rnm xat24cr x1mh8g0r x1vvkbs x126k92a\">\n<div dir=\"auto\">Celebrando el D\u00eda Mundial del Medio Ambiente y en el marco de la celebracion de los 60 aniversario de la Direcci\u00f3n General de Centros de Formaci\u00f3n para el Trabajo (DGCFT), nos enorgullece compartir que el CECATI 165 de Tlapehuala, Guerrero, ha participado en un desfile conmemorativo especial.<\/div>\n<div dir=\"auto\"><\/div>\n<div dir=\"auto\"><\/div>\n<div dir=\"auto\"><img loading=\"lazy\" decoding=\"async\" class=\"size-medium wp-image-338 alignleft\" src=\"https:\/\/www.cecati165.edu.mx\/wp-content\/uploads\/2023\/06\/02-300x225.jpg\" alt=\"\" width=\"300\" height=\"225\" srcset=\"https:\/\/www.cecati165.edu.mx\/wp-content\/uploads\/2023\/06\/02-300x225.jpg 300w, https:\/\/www.cecati165.edu.mx\/wp-content\/uploads\/2023\/06\/02-1024x768.jpg 1024w, https:\/\/www.cecati165.edu.mx\/wp-content\/uploads\/2023\/06\/02-768x576.jpg 768w, https:\/\/www.cecati165.edu.mx\/wp-content\/uploads\/2023\/06\/02-80x60.jpg 80w, https:\/\/www.cecati165.edu.mx\/wp-content\/uploads\/2023\/06\/02-265x198.jpg 265w, https:\/\/www.cecati165.edu.mx\/wp-content\/uploads\/2023\/06\/02-696x522.jpg 696w, https:\/\/www.cecati165.edu.mx\/wp-content\/uploads\/2023\/06\/02-1068x801.jpg 1068w, https:\/\/www.cecati165.edu.mx\/wp-content\/uploads\/2023\/06\/02-560x420.jpg 560w, https:\/\/www.cecati165.edu.mx\/wp-content\/uploads\/2023\/06\/02.jpg 1280w\" sizes=\"auto, (max-width: 300px) 100vw, 300px\" \/>En este d\u00eda, nuestro equipo se uni\u00f3 a la comunidad para demostrar su compromiso con la protecci\u00f3n y conservaci\u00f3n del medio ambiente. Caminamos con orgullo, llevando el mensaje de sustentabilidad y resiliencia a nuestro p\u00fablico.<\/div>\n<div dir=\"auto\"><\/div>\n<div dir=\"auto\">La educaci\u00f3n es una herramienta vital para combatir los retos medioambientales, y en el CECATI 165, estamos dedicados a proporcionar a nuestros estudiantes las habilidades y conocimientos necesarios para ser l\u00edderes en este importante \u00e1mbito.<\/div>\n<div dir=\"auto\"><\/div>\n<div dir=\"auto\">Agradecemos a todos los que participaron en el desfile y ayudaron a hacer de este evento un gran \u00e9xito. Seguiremos trabajando para formar ciudadanos conscientes y respetuosos con el medio ambiente, porque creemos que un futuro m\u00e1s verde es posible.<\/div>\n<\/div>\n<div class=\"x11i5rnm xat24cr x1mh8g0r x1vvkbs xtlvy1s x126k92a\">\n<div dir=\"auto\">\u00a1Feliz D\u00eda Mundial del Medio Ambiente y Feliz 60 Aniversario DGCFT!<\/div>\n<div dir=\"auto\"><img loading=\"lazy\" decoding=\"async\" class=\"size-medium wp-image-339 aligncenter\" src=\"https:\/\/www.cecati165.edu.mx\/wp-content\/uploads\/2023\/06\/04-300x225.jpg\" alt=\"\" width=\"300\" height=\"225\" srcset=\"https:\/\/www.cecati165.edu.mx\/wp-content\/uploads\/2023\/06\/04-300x225.jpg 300w, https:\/\/www.cecati165.edu.mx\/wp-content\/uploads\/2023\/06\/04-1024x768.jpg 1024w, https:\/\/www.cecati165.edu.mx\/wp-content\/uploads\/2023\/06\/04-768x576.jpg 768w, https:\/\/www.cecati165.edu.mx\/wp-content\/uploads\/2023\/06\/04-80x60.jpg 80w, https:\/\/www.cecati165.edu.mx\/wp-content\/uploads\/2023\/06\/04-265x198.jpg 265w, https:\/\/www.cecati165.edu.mx\/wp-content\/uploads\/2023\/06\/04-696x522.jpg 696w, https:\/\/www.cecati165.edu.mx\/wp-content\/uploads\/2023\/06\/04.jpg 1280w\" sizes=\"auto, (max-width: 300px) 100vw, 300px\" \/><\/div>\n<div dir=\"auto\"><\/div>\n<\/div>\n<div class=\"x11i5rnm xat24cr x1mh8g0r x1vvkbs xtlvy1s x126k92a\">\n<div dir=\"auto\"><a class=\"x1i10hfl xjbqb8w x6umtig x1b1mbwd xaqea5y xav7gou x9f619 x1ypdohk xt0psk2 xe8uvvx xdj266r x11i5rnm xat24cr x1mh8g0r xexx8yu x4uap5 x18d9i69 xkhd6sd x16tdsg8 x1hl2dhg xggy1nq x1a2a7pz xt0b8zv x1qq9wsj xo1l8bm\" tabindex=\"0\" role=\"link\" href=\"https:\/\/www.facebook.com\/hashtag\/d%C3%ADamundialdelmedioambiente?__eep__=6&amp;__cft__[0]=AZUXAjSAZqzp3Mu9FbB3_Te_xPlRU16mYGV0yko2F5IEWotdOEVFs18I56nHso7_fHizEKrK45CORf2fu3dZY8O2UYhPXkfvx20Fbgo1C8koStMXTJ4OEj9LLNfRWv_U_8KFXenG1xls1n2wbTNNs7mZPbzOjbJinwMsEC1s-KgdZYqPZqDiZMpLDxczGEJiWI8&amp;__tn__=*NK-R\">#D\u00edaMundialDelMedioAmbiente<\/a> <a class=\"x1i10hfl xjbqb8w x6umtig x1b1mbwd xaqea5y xav7gou x9f619 x1ypdohk xt0psk2 xe8uvvx xdj266r x11i5rnm xat24cr x1mh8g0r xexx8yu x4uap5 x18d9i69 xkhd6sd x16tdsg8 x1hl2dhg xggy1nq x1a2a7pz xt0b8zv x1qq9wsj xo1l8bm\" tabindex=\"0\" role=\"link\" href=\"https:\/\/www.facebook.com\/hashtag\/60aniversariodgcft?__eep__=6&amp;__cft__[0]=AZUXAjSAZqzp3Mu9FbB3_Te_xPlRU16mYGV0yko2F5IEWotdOEVFs18I56nHso7_fHizEKrK45CORf2fu3dZY8O2UYhPXkfvx20Fbgo1C8koStMXTJ4OEj9LLNfRWv_U_8KFXenG1xls1n2wbTNNs7mZPbzOjbJinwMsEC1s-KgdZYqPZqDiZMpLDxczGEJiWI8&amp;__tn__=*NK-R\">#60AniversarioDGCFT<\/a> <a class=\"x1i10hfl xjbqb8w x6umtig x1b1mbwd xaqea5y xav7gou x9f619 x1ypdohk xt0psk2 xe8uvvx xdj266r x11i5rnm xat24cr x1mh8g0r xexx8yu x4uap5 x18d9i69 xkhd6sd x16tdsg8 x1hl2dhg xggy1nq x1a2a7pz xt0b8zv x1qq9wsj xo1l8bm\" tabindex=\"0\" role=\"link\" href=\"https:\/\/www.facebook.com\/hashtag\/cecati165?__eep__=6&amp;__cft__[0]=AZUXAjSAZqzp3Mu9FbB3_Te_xPlRU16mYGV0yko2F5IEWotdOEVFs18I56nHso7_fHizEKrK45CORf2fu3dZY8O2UYhPXkfvx20Fbgo1C8koStMXTJ4OEj9LLNfRWv_U_8KFXenG1xls1n2wbTNNs7mZPbzOjbJinwMsEC1s-KgdZYqPZqDiZMpLDxczGEJiWI8&amp;__tn__=*NK-R\">#CECATI165<\/a> <a class=\"x1i10hfl xjbqb8w x6umtig x1b1mbwd xaqea5y xav7gou x9f619 x1ypdohk xt0psk2 xe8uvvx xdj266r x11i5rnm xat24cr x1mh8g0r xexx8yu x4uap5 x18d9i69 xkhd6sd x16tdsg8 x1hl2dhg xggy1nq x1a2a7pz xt0b8zv x1qq9wsj xo1l8bm\" tabindex=\"0\" role=\"link\" href=\"https:\/\/www.facebook.com\/hashtag\/tlapehuala?__eep__=6&amp;__cft__[0]=AZUXAjSAZqzp3Mu9FbB3_Te_xPlRU16mYGV0yko2F5IEWotdOEVFs18I56nHso7_fHizEKrK45CORf2fu3dZY8O2UYhPXkfvx20Fbgo1C8koStMXTJ4OEj9LLNfRWv_U_8KFXenG1xls1n2wbTNNs7mZPbzOjbJinwMsEC1s-KgdZYqPZqDiZMpLDxczGEJiWI8&amp;__tn__=*NK-R\">#Tlapehuala<\/a> <a class=\"x1i10hfl xjbqb8w x6umtig x1b1mbwd xaqea5y xav7gou x9f619 x1ypdohk xt0psk2 xe8uvvx xdj266r x11i5rnm xat24cr x1mh8g0r xexx8yu x4uap5 x18d9i69 xkhd6sd x16tdsg8 x1hl2dhg xggy1nq x1a2a7pz xt0b8zv x1qq9wsj xo1l8bm\" tabindex=\"0\" role=\"link\" href=\"https:\/\/www.facebook.com\/hashtag\/guerrero?__eep__=6&amp;__cft__[0]=AZUXAjSAZqzp3Mu9FbB3_Te_xPlRU16mYGV0yko2F5IEWotdOEVFs18I56nHso7_fHizEKrK45CORf2fu3dZY8O2UYhPXkfvx20Fbgo1C8koStMXTJ4OEj9LLNfRWv_U_8KFXenG1xls1n2wbTNNs7mZPbzOjbJinwMsEC1s-KgdZYqPZqDiZMpLDxczGEJiWI8&amp;__tn__=*NK-R\">#Guerrero<\/a> <a class=\"x1i10hfl xjbqb8w x6umtig x1b1mbwd xaqea5y xav7gou x9f619 x1ypdohk xt0psk2 xe8uvvx xdj266r x11i5rnm xat24cr x1mh8g0r xexx8yu x4uap5 x18d9i69 xkhd6sd x16tdsg8 x1hl2dhg xggy1nq x1a2a7pz xt0b8zv x1qq9wsj xo1l8bm\" tabindex=\"0\" role=\"link\" href=\"https:\/\/www.facebook.com\/hashtag\/dgcft?__eep__=6&amp;__cft__[0]=AZUXAjSAZqzp3Mu9FbB3_Te_xPlRU16mYGV0yko2F5IEWotdOEVFs18I56nHso7_fHizEKrK45CORf2fu3dZY8O2UYhPXkfvx20Fbgo1C8koStMXTJ4OEj9LLNfRWv_U_8KFXenG1xls1n2wbTNNs7mZPbzOjbJinwMsEC1s-KgdZYqPZqDiZMpLDxczGEJiWI8&amp;__tn__=*NK-R\">#DGCFT<\/a> <a class=\"x1i10hfl xjbqb8w x6umtig x1b1mbwd xaqea5y xav7gou x9f619 x1ypdohk xt0psk2 xe8uvvx xdj266r x11i5rnm xat24cr x1mh8g0r xexx8yu x4uap5 x18d9i69 xkhd6sd x16tdsg8 x1hl2dhg xggy1nq x1a2a7pz xt0b8zv x1qq9wsj xo1l8bm\" tabindex=\"0\" role=\"link\" href=\"https:\/\/www.facebook.com\/hashtag\/medioambiente?__eep__=6&amp;__cft__[0]=AZUXAjSAZqzp3Mu9FbB3_Te_xPlRU16mYGV0yko2F5IEWotdOEVFs18I56nHso7_fHizEKrK45CORf2fu3dZY8O2UYhPXkfvx20Fbgo1C8koStMXTJ4OEj9LLNfRWv_U_8KFXenG1xls1n2wbTNNs7mZPbzOjbJinwMsEC1s-KgdZYqPZqDiZMpLDxczGEJiWI8&amp;__tn__=*NK-R\">#MedioAmbiente<\/a><\/div>\n<\/div>\n<\/div>\n<\/div>\n<\/div>\n<\/div>\n","protected":false},"excerpt":{"rendered":"<p>Celebrando el D\u00eda Mundial del Medio Ambiente y en el marco de la celebracion de los 60 aniversario de la Direcci\u00f3n General de Centros de Formaci\u00f3n para el Trabajo (DGCFT), nos enorgullece compartir que el CECATI 165 de Tlapehuala, Guerrero, ha participado en un desfile conmemorativo especial. En este d\u00eda, nuestro equipo se uni\u00f3 a [&hellip;]<\/p>\n","protected":false},"author":1,"featured_media":337,"comment_status":"open","ping_status":"closed","sticky":false,"template":"","format":"standard","meta":{"footnotes":""},"categories":[7],"tags":[],"class_list":["post-336","post","type-post","status-publish","format-standard","has-post-thumbnail","hentry","category-noticias"],"_links":{"self":[{"href":"https:\/\/www.cecati165.edu.mx\/index.php?rest_route=\/wp\/v2\/posts\/336","targetHints":{"allow":["GET"]}}],"collection":[{"href":"https:\/\/www.cecati165.edu.mx\/index.php?rest_route=\/wp\/v2\/posts"}],"about":[{"href":"https:\/\/www.cecati165.edu.mx\/index.php?rest_route=\/wp\/v2\/types\/post"}],"author":[{"embeddable":true,"href":"https:\/\/www.cecati165.edu.mx\/index.php?rest_route=\/wp\/v2\/users\/1"}],"replies":[{"embeddable":true,"href":"https:\/\/www.cecati165.edu.mx\/index.php?rest_route=%2Fwp%2Fv2%2Fcomments&post=336"}],"version-history":[{"count":1,"href":"https:\/\/www.cecati165.edu.mx\/index.php?rest_route=\/wp\/v2\/posts\/336\/revisions"}],"predecessor-version":[{"id":341,"href":"https:\/\/www.cecati165.edu.mx\/index.php?rest_route=\/wp\/v2\/posts\/336\/revisions\/341"}],"wp:featuredmedia":[{"embeddable":true,"href":"https:\/\/www.cecati165.edu.mx\/index.php?rest_route=\/wp\/v2\/media\/337"}],"wp:attachment":[{"href":"https:\/\/www.cecati165.edu.mx\/index.php?rest_route=%2Fwp%2Fv2%2Fmedia&parent=336"}],"wp:term":[{"taxonomy":"category","embeddable":true,"href":"https:\/\/www.cecati165.edu.mx\/index.php?rest_route=%2Fwp%2Fv2%2Fcategories&post=336"},{"taxonomy":"post_tag","embeddable":true,"href":"https:\/\/www.cecati165.edu.mx\/index.php?rest_route=%2Fwp%2Fv2%2Ftags&post=336"}],"curies":[{"name":"wp","href":"https:\/\/api.w.org\/{rel}","templated":true}]}}